{"id":763,"date":"2020-02-14T13:20:41","date_gmt":"2020-02-14T16:20:41","guid":{"rendered":"http:\/\/saudeplanetaria.iea.usp.br\/?p=763"},"modified":"2020-02-14T16:10:38","modified_gmt":"2020-02-14T19:10:38","slug":"primeiro-evento-de-2020-investigando-as-interacoes-entre-saude-e-mudancas-climaticas-com-o-uso-do-modelo-mimes","status":"publish","type":"post","link":"https:\/\/saudeplanetaria.iea.usp.br\/pt\/primeiro-evento-de-2020-investigando-as-interacoes-entre-saude-e-mudancas-climaticas-com-o-uso-do-modelo-mimes\/","title":{"rendered":"Primeiro evento de 2020: Investigando as Intera\u00e7\u00f5es entre Sa\u00fade e Mudan\u00e7as Clim\u00e1ticas com o Uso do Modelo MIMES"},"content":{"rendered":"As rela\u00e7\u00f5es entre o meio ambiente e os impactos na sa\u00fade das pessoas \u00e9 tema de diversas iniciativas de pesquisa. Dada a quantidade de fatores envolvidos, entender como as poss\u00edveis mudan\u00e7as no ambiente podem impactar a vida no planeta se torna um grande desafio para os pesquisadores.<\/p>\n<p>Nesse sentido, um grande n\u00famero de pesquisadores dedica seus esfor\u00e7os no desenvolvimento de t\u00e9cnicas e ferramentas para auxiliar na modelagem e integra\u00e7\u00e3o de conhecimentos interdisciplinares, como a quest\u00e3o das mudan\u00e7as clim\u00e1ticas e os impactos na vida das pessoas. <\/p>\n<p>Entre essas t\u00e9cnicas, destaca-se o Multiscale Integrated Model of Ecosystem Services (MIMES), que ser\u00e1 tema do primeiro evento de 2020 do Grupo de Estudos em Sa\u00fade Planet\u00e1ria do IEA\/USP.<\/p>\n<p>O evento, que ser\u00e1 realizado no dia 05 de mar\u00e7o no IEA\/USP, contar\u00e1 com uma apresenta\u00e7\u00e3o do Professor Brian Fath, da Towson University, e de Bruno Meirelles, doutorando do Programa de P\u00f3s Gradua\u00e7\u00e3o em Ci\u00eancia Ambiental (PROCAM) da USP.<\/p>\n<p>Mais informa\u00e7\u00f5es e inscri\u00e7\u00f5es: http:\/\/www.iea.usp.br\/eventos\/pensamento-sistemico-e-modelagem","protected":false},"excerpt":{"rendered":"<p>As rela\u00e7\u00f5es entre o meio ambiente e os impactos na sa\u00fade das pessoas \u00e9 tema de diversas iniciativas de pesquisa. Dada a quantidade de fatores envolvidos, entender como as poss\u00edveis mudan\u00e7as no ambiente podem impactar a vida no planeta se torna um grande desafio para os pesquisadores. Nesse sentido, um grande n\u00famero de pesquisadores dedica<a href=\"https:\/\/saudeplanetaria.iea.usp.br\/pt\/primeiro-evento-de-2020-investigando-as-interacoes-entre-saude-e-mudancas-climaticas-com-o-uso-do-modelo-mimes\/\">[&#8230;]<\/a><\/p>\n","protected":false},"author":1109,"featured_media":764,"comment_status":"closed","ping_status":"closed","sticky":false,"template":"","format":"standard","meta":{"_monsterinsights_skip_tracking":false,"_monsterinsights_sitenote_active":false,"_monsterinsights_sitenote_note":"","_monsterinsights_sitenote_category":0,"footnotes":"","_links_to":"","_links_to_target":""},"categories":[8],"tags":[12,22,21],"class_list":["post-763","post","type-post","status-publish","format-standard","has-post-thumbnail","hentry","category-events","tag-evento","tag-mimes","tag-mudancas-climaticas"],"_links":{"self":[{"href":"https:\/\/saudeplanetaria.iea.usp.br\/pt\/wp-json\/wp\/v2\/posts\/763","targetHints":{"allow":["GET"]}}],"collection":[{"href":"https:\/\/saudeplanetaria.iea.usp.br\/pt\/wp-json\/wp\/v2\/posts"}],"about":[{"href":"https:\/\/saudeplanetaria.iea.usp.br\/pt\/wp-json\/wp\/v2\/types\/post"}],"author":[{"embeddable":true,"href":"https:\/\/saudeplanetaria.iea.usp.br\/pt\/wp-json\/wp\/v2\/users\/1109"}],"replies":[{"embeddable":true,"href":"https:\/\/saudeplanetaria.iea.usp.br\/pt\/wp-json\/wp\/v2\/comments?post=763"}],"version-history":[{"count":4,"href":"https:\/\/saudeplanetaria.iea.usp.br\/pt\/wp-json\/wp\/v2\/posts\/763\/revisions"}],"predecessor-version":[{"id":768,"href":"https:\/\/saudeplanetaria.iea.usp.br\/pt\/wp-json\/wp\/v2\/posts\/763\/revisions\/768"}],"wp:featuredmedia":[{"embeddable":true,"href":"https:\/\/saudeplanetaria.iea.usp.br\/pt\/wp-json\/wp\/v2\/media\/764"}],"wp:attachment":[{"href":"https:\/\/saudeplanetaria.iea.usp.br\/pt\/wp-json\/wp\/v2\/media?parent=763"}],"wp:term":[{"taxonomy":"category","embeddable":true,"href":"https:\/\/saudeplanetaria.iea.usp.br\/pt\/wp-json\/wp\/v2\/categories?post=763"},{"taxonomy":"post_tag","embeddable":true,"href":"https:\/\/saudeplanetaria.iea.usp.br\/pt\/wp-json\/wp\/v2\/tags?post=763"}],"curies":[{"name":"wp","href":"https:\/\/api.w.org\/{rel}","templated":true}]}}